{"id":14238,"date":"2026-03-16T15:26:55","date_gmt":"2026-03-16T14:26:55","guid":{"rendered":"https:\/\/elkarhezi.eus\/?p=14238"},"modified":"2026-04-07T11:29:29","modified_gmt":"2026-04-07T09:29:29","slug":"elkar-heziko-ikasleak-gailendu-dira-viii-filosofia-olinpiadan-bideogintza-kategorian","status":"publish","type":"post","link":"https:\/\/elkarhezi.eus\/es\/elkar-heziko-ikasleak-gailendu-dira-viii-filosofia-olinpiadan-bideogintza-kategorian\/","title":{"rendered":"El alumnado de Elkar Hezi ha destacado en la VIII Olimpiada de Filosof\u00eda en la categor\u00eda de creaci\u00f3n audiovisual"},"content":{"rendered":"<div class=\"et_pb_section_0 et_pb_section et_section_regular et_block_section\">\r\n<div class=\"et_pb_row_0 et_pb_row et_block_row\">\r\n<div class=\"et_pb_column_0 et_pb_column et_pb_column_4_4 et-last-child et_block_column et_pb_css_mix_blend_mode_passthrough\">\r\n<div class=\"et_pb_text_0 et_pb_text et_pb_bg_layout_light et_pb_module et_flex_module preset--module--divi-text--default\"><div class=\"et_pb_text_inner\"><p data-start=\"769\" data-end=\"1026\">El <span class=\"hover:entity-accent entity-underline inline cursor-pointer align-baseline\"><span class=\"whitespace-normal\">Gobierno Vasco<\/span><\/span> ha premiado el pensamiento cr\u00edtico y la capacidad de reflexi\u00f3n de los j\u00f3venes en la VIII Olimpiada de Filosof\u00eda, y el alumnado de 1\u00ba de Bachillerato del centro Elkar Hezi ha tenido nuevamente un papel protagonista.<\/p>\n<p data-start=\"1028\" data-end=\"1285\">Tres estudiantes del centro han obtenido premio en la categor\u00eda de creaci\u00f3n audiovisual, gracias a un excelente trabajo que combina lenguaje audiovisual y filosof\u00eda. Adem\u00e1s de este importante logro, otros dos grupos tambi\u00e9n consiguieron llegar a la final.<\/p>\n<p data-start=\"1287\" data-end=\"1675\">El objetivo principal de este evento es fomentar la reflexi\u00f3n entre los j\u00f3venes sobre los retos de la sociedad actual, utilizando formatos como el v\u00eddeo para difundir esas ideas. En este contexto, tanto los alumnos premiados como los grupos finalistas han demostrado una gran capacidad para estructurar mensajes complejos a trav\u00e9s de im\u00e1genes y defenderlos desde una perspectiva propia.<\/p>\n<p data-start=\"1677\" data-end=\"1840\">Estos premios y reconocimientos ponen en valor la dedicaci\u00f3n del alumnado y el trabajo de Elkar Hezi en favor de una formaci\u00f3n integral y la expresi\u00f3n art\u00edstica.<\/p>\n<p style=\"text-align: justify;\"><b>\u00a1Enhorabuena a los premiados y a todos los grupos participantes por el excelente trabajo realizado!<\/b><\/p>\n<p style=\"text-align: justify;\"><span style=\"font-weight: 400;\">Toda la informaci\u00f3n est\u00e1 disponible en el siguiente enlace:<\/span><a href=\"https:\/\/www.euskadi.eus\/gobierno-vasco\/-\/noticia\/2026\/euskadi-premia-pensamiento-critico-joven-viii-olimpiada-filosofica\/\"> <b>https:\/\/www.euskadi.eus\/gobierno-vasco\/-\/noticia\/2026\/euskadi-premia-pensamiento-critico-joven-viii-olimpiada-filosofica\/<\/b><\/a><\/p>\n<\/div><\/div>\r\n<\/div>\r\n<\/div>\r\n<\/div>\r\n\r\n<div class=\"et_pb_section_1 et_pb_section et_section_regular et_flex_section\">\r\n<div class=\"et_pb_row_1 et_pb_row et_flex_row\">\r\n<div class=\"et_pb_column_1 et_pb_column et_flex_column et_pb_css_mix_blend_mode_passthrough et_flex_column_12_24 et_flex_column_12_24_tablet et_flex_column_24_24_phone\">\r\n<div class=\"et_pb_code_0 et_pb_code et_pb_module\"><div class=\"et_pb_code_inner\"><iframe loading=\"lazy\" src=\"https:\/\/drive.google.com\/file\/d\/1f4XQ12ZlhNnlkiLlJpx9Fap-Ef2VYic0\/preview\" width=\"640\" height=\"200\"><\/iframe><\/div><\/div>\r\n<\/div>\r\n\r\n<div class=\"et_pb_column_2 et_pb_column et-last-child et_flex_column et_pb_css_mix_blend_mode_passthrough et_flex_column_12_24 et_flex_column_12_24_tablet et_flex_column_24_24_phone\">\r\n<div class=\"et_pb_image_0 et_pb_image et_pb_module et_flex_module\"><span class=\"et_pb_image_wrap\"><img loading=\"lazy\" decoding=\"async\" src=\"https:\/\/elkarhezi.eus\/wp-content\/uploads\/2026\/03\/n770_Argazkia.jpg\" title=\"n770_Argazkia\" width=\"770\" height=\"513\" srcset=\"https:\/\/elkarhezi.eus\/wp-content\/uploads\/2026\/03\/n770_Argazkia.jpg 770w, https:\/\/elkarhezi.eus\/wp-content\/uploads\/2026\/03\/n770_Argazkia-480x320.jpg 480w\" sizes=\"(min-width: 0px) and (max-width: 480px) 480px, (min-width: 481px) 770px, 100vw\" class=\"wp-image-14234\" \/><\/span><\/div>\r\n<\/div>\r\n<\/div>\r\n<\/div>","protected":false},"excerpt":{"rendered":"","protected":false},"author":3,"featured_media":14235,"comment_status":"closed","ping_status":"closed","sticky":false,"template":"","format":"standard","meta":{"footnotes":""},"categories":[81,77,2],"tags":[],"class_list":["post-14238","post","type-post","status-publish","format-standard","has-post-thumbnail","hentry","category-newsletter-es","category-noticia-destacada","category-sin-categorizar"],"_links":{"self":[{"href":"https:\/\/elkarhezi.eus\/es\/wp-json\/wp\/v2\/posts\/14238","targetHints":{"allow":["GET"]}}],"collection":[{"href":"https:\/\/elkarhezi.eus\/es\/wp-json\/wp\/v2\/posts"}],"about":[{"href":"https:\/\/elkarhezi.eus\/es\/wp-json\/wp\/v2\/types\/post"}],"author":[{"embeddable":true,"href":"https:\/\/elkarhezi.eus\/es\/wp-json\/wp\/v2\/users\/3"}],"replies":[{"embeddable":true,"href":"https:\/\/elkarhezi.eus\/es\/wp-json\/wp\/v2\/comments?post=14238"}],"version-history":[{"count":4,"href":"https:\/\/elkarhezi.eus\/es\/wp-json\/wp\/v2\/posts\/14238\/revisions"}],"predecessor-version":[{"id":14287,"href":"https:\/\/elkarhezi.eus\/es\/wp-json\/wp\/v2\/posts\/14238\/revisions\/14287"}],"wp:featuredmedia":[{"embeddable":true,"href":"https:\/\/elkarhezi.eus\/es\/wp-json\/wp\/v2\/media\/14235"}],"wp:attachment":[{"href":"https:\/\/elkarhezi.eus\/es\/wp-json\/wp\/v2\/media?parent=14238"}],"wp:term":[{"taxonomy":"category","embeddable":true,"href":"https:\/\/elkarhezi.eus\/es\/wp-json\/wp\/v2\/categories?post=14238"},{"taxonomy":"post_tag","embeddable":true,"href":"https:\/\/elkarhezi.eus\/es\/wp-json\/wp\/v2\/tags?post=14238"}],"curies":[{"name":"wp","href":"https:\/\/api.w.org\/{rel}","templated":true}]}}