{"id":11146,"date":"2023-05-23T10:48:25","date_gmt":"2023-05-23T08:48:25","guid":{"rendered":"https:\/\/elkarhezi.eus\/ni-banoia-eta-zu\/"},"modified":"2026-01-07T09:16:06","modified_gmt":"2026-01-07T08:16:06","slug":"ni-banoia-eta-zu","status":"publish","type":"post","link":"https:\/\/elkarhezi.eus\/es\/ni-banoia-eta-zu\/","title":{"rendered":"Ni banoia, eta zu?"},"content":{"rendered":"<div class=\"et_d4_element et_pb_section et_pb_section_0  et_pb_css_mix_blend_mode et_section_regular et_block_section\" >\n\t\t\t\t\n\t\t\t\t\n\t\t\t\t\n\t\t\t\t\n\t\t\t\t\n\t\t\t\t\n\t\t\t\t<div class=\"et_d4_element et_pb_row et_pb_row_0  et_pb_css_mix_blend_mode et_block_row\">\n\t\t\t\t<div class=\"et_d4_element et_pb_column_1_2 et_pb_column et_pb_column_0  et_pb_css_mix_blend_mode et_block_column\">\n\t\t\t\t\n\t\t\t\t\n\t\t\t\t\n\t\t\t\t\n\t\t\t\t<div class=\"et_pb_module et_d4_element et_pb_text et_pb_text_0  et_pb_text_align_left et_pb_bg_layout_light\">\n\t\t\t\t\n\t\t\t\t\n\t\t\t\t\n\t\t\t\t\n\t\t\t\t<div class=\"et_pb_text_inner\"><p>El Departamento de Educaci\u00f3n ha implantado un nuevo modelo de matriculaci\u00f3n para el curso 23\/24. El objetivo de estos cambios es, entre otras cosas, acabar con la segregaci\u00f3n escolar.<\/p>\n<div class=\"row\">\n<div class=\"col-md-12 col-xs-12\">Compartimos plenamente los objetivos que persigue el Departamento de Educaci\u00f3n: la inclusi\u00f3n para todo el alumnado, la excelencia tanto acad\u00e9mica como personal y un modelo educativo centrado en el euskera. Prueba de ello, el lema que refleja nuestro car\u00e1cter: O\u00f1ati Guztiak. Sin embargo, creemos que la forma de aplicar el nuevo decreto de admisi\u00f3n del alumnado ataca a las familias, separando a los hermanos de la misma familia en varios centros, y trasladando a los ni\u00f1os ya escolarizados a otros centros.<\/p>\n<p>Ante esta compleja situaci\u00f3n que se ha creado, desde nuestro centro hemos optado por la responsabilidad y la prudencia y, por ello, para no formar parte del circo medi\u00e1tico, s\u00f3lo decidimos publicar informaci\u00f3n que fuera veraz, oficial y significativa.<\/p>\n<p>La ausencia de ruido en los medios de comunicaci\u00f3n no significa que nos hayamos quedado de brazos cruzados y la direcci\u00f3n del centro, la asociaci\u00f3n de padres y madres Alo\u00f1a, la asociaci\u00f3n de trabajadores Elkar Ekin, y miembros de la Fundaci\u00f3n Ereiten, hemos trabajado de forma coordinada para reconducir la situaci\u00f3n.<\/p><\/div>\n<\/div><\/div>\n\t\t\t<\/div>\n\t\t\t<\/div><div class=\"et_d4_element et_pb_column_1_2 et_pb_column et_pb_column_1  et_pb_css_mix_blend_mode et-last-child et_block_column\">\n\t\t\t\t\n\t\t\t\t\n\t\t\t\t\n\t\t\t\t\n\t\t\t\t<div class=\"et_pb_module et_d4_element et_pb_text et_pb_text_1  et_pb_text_align_left et_pb_bg_layout_light\">\n\t\t\t\t\n\t\t\t\t\n\t\t\t\t\n\t\t\t\t\n\t\t\t\t<div class=\"et_pb_text_inner\"><p>Estamos haciendo todo lo posible para trasladar nuestra cercan\u00eda, cari\u00f1o y apoyo incondicional a las familias que se han visto afectadas.<\/p>\n<div class=\"row\">\n<div class=\"col-md-12 col-xs-12\">Nos hemos reunido con altos cargos de diferentes instituciones para analizar posibles soluciones y hemos trabajado todas las v\u00edas administrativas a nuestro alcance.<\/p>\n<p>Por eso queremos destacar que toda la comunidad educativa de ELKAR HEZI, apostamos por el crecimiento de nuestro proyecto. Las previsiones para la matriculaci\u00f3n en el curso 2024 son optimistas y seguimos trabajando con ilusi\u00f3n y fuerza para que cada ni\u00f1o, ni\u00f1a y joven logre un desarrollo integral en favor de un modelo que le proporcione los recursos necesarios para ser feliz.<\/p>\n<p>ELKAR HEZI enriquece O\u00f1ati. Educando a futuros adultos que participen activamente en la transformaci\u00f3n social y que ya est\u00e1n reinventando O\u00f1ati. Gente que pone su grano de arena creando un pueblo plural, euskaldun, solidario, inclusivo, ecologista, feminista, etc. Por eso, todas las aulas de ELKAR HEZI deben estar abiertas a todos.<\/p><\/div>\n<\/div><\/div>\n\t\t\t<\/div>\n\t\t\t<\/div>\n\t\t\t\t\n\t\t\t\t\n\t\t\t\t\n\t\t\t\t\n\t\t\t<\/div><div class=\"et_d4_element et_pb_row et_pb_row_1  et_pb_css_mix_blend_mode et_block_row\">\n\t\t\t\t<div class=\"et_d4_element et_pb_column_4_4 et_pb_column et_pb_column_2  et_pb_css_mix_blend_mode et-last-child et_block_column\">\n\t\t\t\t\n\t\t\t\t\n\t\t\t\t\n\t\t\t\t\n\t\t\t\t<div class=\"et_pb_module et_d4_element et_pb_icon et_pb_icon_0\">\n\t\t\t\t<a href=\"https:\/\/drive.google.com\/file\/d\/1fo8vi0hMgfOqJuin3gQwdvl6WAruOx-J\/view?usp=share_link\" ><span class=\"et_pb_icon_wrap \"><span class=\"et-pb-icon\">I<\/span><\/span><\/a>\n\t\t\t<\/div>\n\t\t\t<\/div>\n\t\t\t\t\n\t\t\t\t\n\t\t\t\t\n\t\t\t\t\n\t\t\t<\/div>\n\t\t\t\t\n\t\t\t\t\n\t\t\t<\/div>\n","protected":false},"excerpt":{"rendered":"<p>El departamento de Educaci\u00f3n&#8230;<\/p>\n","protected":false},"author":3,"featured_media":11095,"comment_status":"closed","ping_status":"closed","sticky":false,"template":"","format":"standard","meta":{"_et_pb_use_builder":"on","_et_pb_old_content":"","_et_gb_content_width":"","footnotes":""},"categories":[77,2],"tags":[],"class_list":["post-11146","post","type-post","status-publish","format-standard","has-post-thumbnail","hentry","category-noticia-destacada","category-sin-categorizar"],"_links":{"self":[{"href":"https:\/\/elkarhezi.eus\/es\/wp-json\/wp\/v2\/posts\/11146","targetHints":{"allow":["GET"]}}],"collection":[{"href":"https:\/\/elkarhezi.eus\/es\/wp-json\/wp\/v2\/posts"}],"about":[{"href":"https:\/\/elkarhezi.eus\/es\/wp-json\/wp\/v2\/types\/post"}],"author":[{"embeddable":true,"href":"https:\/\/elkarhezi.eus\/es\/wp-json\/wp\/v2\/users\/3"}],"replies":[{"embeddable":true,"href":"https:\/\/elkarhezi.eus\/es\/wp-json\/wp\/v2\/comments?post=11146"}],"version-history":[{"count":11,"href":"https:\/\/elkarhezi.eus\/es\/wp-json\/wp\/v2\/posts\/11146\/revisions"}],"predecessor-version":[{"id":11159,"href":"https:\/\/elkarhezi.eus\/es\/wp-json\/wp\/v2\/posts\/11146\/revisions\/11159"}],"wp:featuredmedia":[{"embeddable":true,"href":"https:\/\/elkarhezi.eus\/es\/wp-json\/wp\/v2\/media\/11095"}],"wp:attachment":[{"href":"https:\/\/elkarhezi.eus\/es\/wp-json\/wp\/v2\/media?parent=11146"}],"wp:term":[{"taxonomy":"category","embeddable":true,"href":"https:\/\/elkarhezi.eus\/es\/wp-json\/wp\/v2\/categories?post=11146"},{"taxonomy":"post_tag","embeddable":true,"href":"https:\/\/elkarhezi.eus\/es\/wp-json\/wp\/v2\/tags?post=11146"}],"curies":[{"name":"wp","href":"https:\/\/api.w.org\/{rel}","templated":true}]}}